{"id":2577,"date":"2021-07-09T13:37:48","date_gmt":"2021-07-09T11:37:48","guid":{"rendered":"https:\/\/www.adap.ch\/en\/?p=2577"},"modified":"2021-09-03T15:49:00","modified_gmt":"2021-09-03T13:49:00","slug":"twelve-years-burkina-project","status":"publish","type":"post","link":"https:\/\/www.adap.ch\/en\/twelve-years-burkina-project\/","title":{"rendered":"Twelve Years Burkina Faso: Project Report"},"content":{"rendered":"<div class=\"fsn-row full-width-row fsn-69f4277c97b1b light\" style=\"background-repeat:repeat;background-position:left top;background-attachment:scroll;background-size:auto;\"><div class=\"container-fluid\"><div class=\"row\"><div class=\"col-sm-12\"><div class=\"fsn-column-inner fsn-69f4277c97f4c light\"><div class=\"fsn-text fsn-69f4277c98034\">\n<p><img loading=\"lazy\" decoding=\"async\" class=\"alignright wp-image-2583 size-full\" src=\"https:\/\/www.adap.ch\/en\/wp-content\/uploads\/2021\/07\/Capitalisaiton_burkina.png\" alt=\"\" width=\"512\" height=\"720\" srcset=\"https:\/\/www.adap.ch\/en\/wp-content\/uploads\/2021\/07\/Capitalisaiton_burkina.png 512w, https:\/\/www.adap.ch\/en\/wp-content\/uploads\/2021\/07\/Capitalisaiton_burkina-213x300.png 213w\" sizes=\"auto, (max-width: 512px) 100vw, 512px\" \/><\/p>\n<p>The Wildlife and Development of Burkina Faso Project (Faudeb) was launched in 2004 with financial help from the FGC. It combined support for:<\/p>\n<ul>\n<li>Development of sustainable, economic activities<\/li>\n<li>Development of participatory governance mechanisms for natural resources<\/li>\n<li>Strengthening of the organizational, technical, and legal capacities of the populations<\/li>\n<\/ul>\n<p>ADAP ran the project from 2004 to 2008 with financial help from the F\u00e9d\u00e9ration genevoise de coop\u00e9ration (FGC) until handing it over to the local association Afaudeb.\u00a0After 12 years of activities, a capitalization work was carried out to draw lessons from this experience. You can order the full hard copy version of the report (in French), writing us with the <a href=\"https:\/\/www.adap.ch\/en\/contact\/\">contact form,<\/a> or <a href=\"https:\/\/www.adap.ch\/en\/wp-content\/uploads\/2021\/07\/ADAP-Rapport-Capitalisation-2020_v2_web.pdf\">download<\/a> it.\u00a0You can also download the four chapters of the report separately:<\/p>\n<ul>\n<li><a href=\"https:\/\/www.adap.ch\/en\/wp-content\/uploads\/2021\/07\/ADAP-Rapport-Capitalisation-2020_v2_03-ZOVIC_web.pdf\">The Establishment of Village Areas with Game Hunting Interest<\/a><em>,\u00a0(study carried out within the framework of the project &#8220;Management of Conservation Areas in West Africa&#8221; \u200b\u200bof the IUCN (International Union for the Conservation of Nature) with technical support from IRAM (Institute for Research and Applications of Development Methods)).<\/em><\/li>\n<li><a href=\"https:\/\/www.adap.ch\/en\/wp-content\/uploads\/2021\/07\/ADAP-Rapport-Capitalisation-2020_v2_05-Valorisation-PFNL_web.pdf\">The development of forest products sectors<\/a><\/li>\n<li><a href=\"https:\/\/www.adap.ch\/en\/wp-content\/uploads\/2021\/07\/ADAP-Rapport-Capitalisation-2020_v2_04-Programme-Alphabetisation_web.pdf\">The literacy program<\/a><\/li>\n<li><a href=\"https:\/\/www.adap.ch\/en\/wp-content\/uploads\/2021\/07\/ADAP-Rapport-Capitalisation-2020_v2_02-Evolution-du-partneariat_web.pdf\">The transfer of responsibilities between ADAP and Afaudeb<\/a><\/li>\n<\/ul>\n<p>Recommended: the caf\u00e9-debate on ADAP\u2019s report organized by the F\u00e9d\u00e9ration genevoise de Coop\u00e9ration on March 23, 2020.<\/p>\n<p><iframe loading=\"lazy\" hcb-fetch-image-from=\"https:\/\/youtu.be\/iDc0fYVqnJA\" title=\"FGC_ Caf\u00e9 d\u00e9bat du 26 mars 2020 _ ADAP\" width=\"525\" height=\"295\" src=\"https:\/\/www.youtube.com\/embed\/iDc0fYVqnJA?feature=oembed\" frameborder=\"0\" allow=\"accelerometer; autoplay; clipboard-write; encrypted-media; gyroscope; picture-in-picture; web-share\" referrerpolicy=\"strict-origin-when-cross-origin\" allowfullscreen><\/iframe><\/p>\n<p>ADAP is grateful to all who provided their recommendations for this study.<\/p>\n<\/div><\/div><\/div><\/div><\/div><\/div>\n","protected":false},"excerpt":{"rendered":"<p>ADAP is proud to publish its experiences and accomplishments of supporting the Burkinabe communities within the Wildlife and Development Project framework.<\/p>\n","protected":false},"author":1,"featured_media":2585,"comment_status":"open","ping_status":"open","sticky":false,"template":"","format":"standard","meta":{"_acf_changed":false,"two_page_speed":[],"footnotes":""},"categories":[12,16],"tags":[],"class_list":["post-2577","post","type-post","status-publish","format-standard","has-post-thumbnail","hentry","category-expertise-and-research","category-news"],"acf":[],"aioseo_notices":[],"_links":{"self":[{"href":"https:\/\/www.adap.ch\/en\/wp-json\/wp\/v2\/posts\/2577","targetHints":{"allow":["GET"]}}],"collection":[{"href":"https:\/\/www.adap.ch\/en\/wp-json\/wp\/v2\/posts"}],"about":[{"href":"https:\/\/www.adap.ch\/en\/wp-json\/wp\/v2\/types\/post"}],"author":[{"embeddable":true,"href":"https:\/\/www.adap.ch\/en\/wp-json\/wp\/v2\/users\/1"}],"replies":[{"embeddable":true,"href":"https:\/\/www.adap.ch\/en\/wp-json\/wp\/v2\/comments?post=2577"}],"version-history":[{"count":7,"href":"https:\/\/www.adap.ch\/en\/wp-json\/wp\/v2\/posts\/2577\/revisions"}],"predecessor-version":[{"id":2698,"href":"https:\/\/www.adap.ch\/en\/wp-json\/wp\/v2\/posts\/2577\/revisions\/2698"}],"wp:featuredmedia":[{"embeddable":true,"href":"https:\/\/www.adap.ch\/en\/wp-json\/wp\/v2\/media\/2585"}],"wp:attachment":[{"href":"https:\/\/www.adap.ch\/en\/wp-json\/wp\/v2\/media?parent=2577"}],"wp:term":[{"taxonomy":"category","embeddable":true,"href":"https:\/\/www.adap.ch\/en\/wp-json\/wp\/v2\/categories?post=2577"},{"taxonomy":"post_tag","embeddable":true,"href":"https:\/\/www.adap.ch\/en\/wp-json\/wp\/v2\/tags?post=2577"}],"curies":[{"name":"wp","href":"https:\/\/api.w.org\/{rel}","templated":true}]}}